{"id":653,"date":"2020-09-04T16:16:27","date_gmt":"2020-09-04T16:16:27","guid":{"rendered":"https:\/\/xn--mobilitt-6za.eu\/?p=653"},"modified":"2020-09-04T16:16:30","modified_gmt":"2020-09-04T16:16:30","slug":"mehrheit-gegen-elterntaxis","status":"publish","type":"post","link":"https:\/\/xn--mobilitt-6za.eu\/index.php\/2020\/09\/04\/mehrheit-gegen-elterntaxis\/","title":{"rendered":"Mehrheit gegen Elterntaxis"},"content":{"rendered":"\n<p>Weser Kurier 03.09.2020 <a href=\"https:\/\/www.weser-kurier.de\/bremen\/bremen-stadt_artikel,-diskussion-um-elterntaxis-auch-in-bremen-_arid,1931529.html\">Mehrheit gegen Elterntaxis<\/a><\/p>\n\n\n\n<h1 class=\"wp-block-heading\">Schulweg<\/h1>\n\n\n\n<h1 class=\"wp-block-heading\">Mehrheit gegen Elterntaxis<\/h1>\n\n\n\n<h3 class=\"wp-block-heading\">Laut einer Studie werden Halteverbote und Stra\u00dfensperrungen vor Schulen bef\u00fcrwortet<\/h3>\n\n\n\n<p>Weser Kurier von STEFAN LAKEBAND, MARIUS MERLE, LUTZ RODE UND CHRISTIAN VALEK<\/p>\n\n\n\n<p>Bremen\/Osterholz\/Oyten\/Lilienthal.&nbsp;Drei Viertel aller Deutschen sprechen sich daf\u00fcr aus, dass Eltern ihre Kinder mit dem Auto nicht direkt bis vor die Schule bringen sollten. Das geht aus einer Umfrage des Deutschen Kinderhilfswerks hervor, die am Mittwoch ver\u00f6ffentlicht wurde. Demnach wollen 74 Prozent aller Befragten Halteverbote f\u00fcr sogenannte Elterntaxis; etwa die H\u00e4lfte w\u00fcnscht sich die M\u00f6glichkeit, Stra\u00dfen vor Schulen tempor\u00e4r f\u00fcr den Verkehr zu sperren.<\/p>\n\n\n\n<p>Auch in Bremen und umzu werden solche Ma\u00dfnahmen diskutiert, denn auch hier sorgen Eltern, die ihre Kinder zur Schule oder zur Kita fahren, immer wieder f\u00fcr \u00c4rger. Vor allem vor Grundschulen stauen sich morgens die Autos. H\u00e4ufig stoppen Eltern auch in zweiter Reihe, blockieren die Fahrbahn und setzen ihre Kinder ungewollt Gefahren aus.<\/p>\n\n\n\n<p>Wie viele Kinder regelm\u00e4\u00dfig zur Schule gebracht werden und welche Auswirkungen das auf die Sicherheit und den Verkehr hat, l\u00e4sst sich laut Martin Stellmann, Sprecher des Amts f\u00fcr Stra\u00dfen und Verkehr (ASV), nicht konkret sagen. Probleme durch Elterntaxis seien tempor\u00e4r zu beobachten. Dass Halteverbote vor Schulen eine L\u00f6sung sein k\u00f6nnten, glaubt Stellmann nicht. \u201eEs handelt sich eher um Fehlverhalten und Missachtung bestehender Regeln\u201c, sagt er. Soll hei\u00dfen: Dort, wo es bereits Halteverbote gibt, werden diese vielfach ignoriert.<\/p>\n\n\n\n<p>Martin Stoevesandt, Vorstand des Zentral\u00adelternbeirats, spricht in solchen F\u00e4llen von \u201eberatungsresistenten Eltern\u201c. Auch er kennt die Klagen \u00fcber verstopfte Stra\u00dfen und brenzlige Situationen beim Aussteigen. Halteverbote vor Schulen findet er daher gut. Gleichzeitig sieht er, dass das Problem in den vergangenen Jahren kleiner geworden sei. \u201eIn Bremen kann ein Gro\u00dfteil der Kinder die Schule gut mit dem Fahrrad oder zu Fu\u00df erreichen\u201c, sagt Stoevesandt. Dazu beigetragen habe auch das Projekt Schulexpress, das in der Hansestadt entstanden ist und mittlerweile in vielen Teilen Deutschlands Anklang gefunden hat. Dabei werden um die Grundschulen herum gut sichtbare Haltestellen eingerichtet, an denen sich die Kinder morgens treffen k\u00f6nnen und von dort aus gemeinsam, maximal 15 Minuten zu Fu\u00df zur Schule gehen.<\/p>\n\n\n\n<p>Eltern, die ihre Kinder zur Schule fahren, sind nicht nur ein Problem der Gro\u00dfstadt, sondern auch in der Gemeinde Lilienthal und im Kreis Osterholz. F\u00fcr den 17. September haben Elternvertreter zu einem autofreien Schultag aufgerufen.&nbsp;M\u00fctter und V\u00e4ter im gesamten Kreisgebiet sollen an diesem Tag auf den Bring- und Abholdienst f\u00fcr ihre Kinder verzichten.<\/p>\n\n\n\n<blockquote class=\"wp-block-quote is-layout-flow wp-block-quote-is-layout-flow\"><p><strong>\u201eDie Kinder k\u00f6nnen morgens auf dem Schulweg vielleicht schon ein Eichh\u00f6rnchen entdecken, sie treffen ihre Freunde und sind eben auch schon an der frischen Luft gewesen, wenn die Schule beginnt\u201c<\/strong><\/p><cite>Mara Jekosch<\/cite><\/blockquote>\n\n\n\n<p>Dabei geht es den Initiatoren nicht nur um das Verkehrschaos, sondern auch um die Vorteile, die Kinder dadurch haben. \u201eDie Kinder k\u00f6nnen morgens auf dem Schulweg vielleicht schon ein Eichh\u00f6rnchen entdecken, sie treffen ihre Freunde und sind eben auch schon an der frischen Luft gewesen, wenn die Schule beginnt\u201c, sagt die Lilienthaler Elternvertreterin Mara Jekosch. Sie findet es auch wichtig, dass die Kinder ihren Schulweg alleine meistern; dies sei ein Beitrag zur Selbstst\u00e4ndigkeit. Das sieht auch Susanne Fedderwitz, Leiterin des Fachbereichs Bildung und Erziehung bei der Stadt Osterholz-Scharmbeck so. \u201eEltern m\u00fcssen immer wieder ermutigt werden, den Kindern etwas zuzutrauen\u201c, sagt sie.\u00a0<\/p>\n\n\n\n<p>In Oyten ist man einen Schritt weiter: Nachdem gutes Zureden und Verbote \u00fcber Jahre nicht geholfen haben, hat sich die Gemeinde im Sommer f\u00fcr den radikalen Weg entschieden. Die Pestalozzistra\u00dfe, an der die IGS, eine Grundschule und eine Kita in unmittelbarer Nachbarschaft liegen, wird k\u00fcnftig zu den Sto\u00dfzeiten morgens und mittags durch Schranken f\u00fcr Elterntaxis&nbsp; gesperrt werden. Dem Beschluss ging ein zweiw\u00f6chiger Probebetrieb im Januar voraus, der die erw\u00fcnschte Wirkung erzielt hat: Mehr Sicherheit f\u00fcr die Kinder und Jugendlichen, die zu Fu\u00df oder mit dem Fahrrad kommen.&nbsp;<\/p>\n\n\n\n<p>Passiert werden d\u00fcrfen die Schranken nur noch von Anwohnern, den Besch\u00e4ftigten der Kita und Schulen, dem Schulbus sowie den Eltern der Kitakinder. Haltem\u00f6glichkeiten f\u00fcr Elterntaxis und f\u00fcr Oberstufensch\u00fcler mit F\u00fchrerschein gibt es nur noch in weiterer Entfernung vom Schulgel\u00e4nde. Zus\u00e4tzlich soll in einer Parallelstra\u00dfe ein weiterer Parkplatz zum Abholen entstehen.<\/p>\n\n\n\n<p>In Bremen hatte der Verkehrspolitiker Ralph Saxe (Gr\u00fcne) Anfang des Jahres einen \u00e4hnlichen Vorsto\u00df gemacht. Er hatte einen B\u00fcrgerschaftsantrag formuliert, durch den die zeitweise Sperrung von Stra\u00dfen m\u00f6glich werden soll und die Einrichtung sogenannter Schulstra\u00dfen gefordert. Zu einer solchen Sperrung ist es laut Thomas Kirpal vom Verkehrsressort bislang nicht gekommen. Sowohl er als auch Stellmann vom ASV weisen darauf hin, dass so etwas mit hohen rechtlichen H\u00fcrden verbunden sei.<\/p>\n\n\n\n<p>Im nieders\u00e4chsischen Peine gibt es \u2013 wegen Corona \u2013 eine gegenl\u00e4ufige Entwicklung, wie der NDR just berichtete: F\u00fcr Elterntaxis soll es dort eine Pauschale von 30 Cent pro Kilometer geben, damit sich in den Bussen im Landkreis das Virus nicht weiter verbreitet.<\/p>\n\n\n\n<p class=\"has-text-align-right\">Bild von\u00a0Capri23auto\u00a0auf\u00a0<a href=\"https:\/\/pixabay.com\/de\/?utm_source=link-attribution&amp;utm_medium=referral&amp;utm_campaign=image&amp;utm_content=3708524\">Pix<\/a>ab<a href=\"https:\/\/pixabay.com\/de\/?utm_source=link-attribution&amp;utm_medium=referral&amp;utm_campaign=image&amp;utm_content=3708524\">ay<\/a><\/p>\n","protected":false},"excerpt":{"rendered":"<p>Weser Kurier 03.09.2020 Mehrheit gegen Elterntaxis Schulweg Mehrheit gegen Elterntaxis Laut einer Studie werden Halteverbote und Stra\u00dfensperrungen vor Schulen bef\u00fcrwortet Weser Kurier von STEFAN LAKEBAND, MARIUS MERLE, LUTZ RODE UND CHRISTIAN VALEK Bremen\/Osterholz\/Oyten\/Lilienthal.&nbsp;Drei Viertel aller Deutschen sprechen sich daf\u00fcr aus, dass Eltern ihre Kinder mit dem Auto nicht direkt bis vor die Schule bringen sollten.&hellip; <br \/> <a class=\"read-more\" href=\"https:\/\/xn--mobilitt-6za.eu\/index.php\/2020\/09\/04\/mehrheit-gegen-elterntaxis\/\">Weiterlesen<\/a><\/p>\n","protected":false},"author":1,"featured_media":656,"comment_status":"open","ping_status":"closed","sticky":false,"template":"","format":"standard","meta":{"footnotes":""},"categories":[1],"tags":[],"class_list":["post-653","post","type-post","status-publish","format-standard","has-post-thumbnail","hentry","category-uncategorized"],"_links":{"self":[{"href":"https:\/\/xn--mobilitt-6za.eu\/index.php\/wp-json\/wp\/v2\/posts\/653","targetHints":{"allow":["GET"]}}],"collection":[{"href":"https:\/\/xn--mobilitt-6za.eu\/index.php\/wp-json\/wp\/v2\/posts"}],"about":[{"href":"https:\/\/xn--mobilitt-6za.eu\/index.php\/wp-json\/wp\/v2\/types\/post"}],"author":[{"embeddable":true,"href":"https:\/\/xn--mobilitt-6za.eu\/index.php\/wp-json\/wp\/v2\/users\/1"}],"replies":[{"embeddable":true,"href":"https:\/\/xn--mobilitt-6za.eu\/index.php\/wp-json\/wp\/v2\/comments?post=653"}],"version-history":[{"count":2,"href":"https:\/\/xn--mobilitt-6za.eu\/index.php\/wp-json\/wp\/v2\/posts\/653\/revisions"}],"predecessor-version":[{"id":657,"href":"https:\/\/xn--mobilitt-6za.eu\/index.php\/wp-json\/wp\/v2\/posts\/653\/revisions\/657"}],"wp:featuredmedia":[{"embeddable":true,"href":"https:\/\/xn--mobilitt-6za.eu\/index.php\/wp-json\/wp\/v2\/media\/656"}],"wp:attachment":[{"href":"https:\/\/xn--mobilitt-6za.eu\/index.php\/wp-json\/wp\/v2\/media?parent=653"}],"wp:term":[{"taxonomy":"category","embeddable":true,"href":"https:\/\/xn--mobilitt-6za.eu\/index.php\/wp-json\/wp\/v2\/categories?post=653"},{"taxonomy":"post_tag","embeddable":true,"href":"https:\/\/xn--mobilitt-6za.eu\/index.php\/wp-json\/wp\/v2\/tags?post=653"}],"curies":[{"name":"wp","href":"https:\/\/api.w.org\/{rel}","templated":true}]}}